{"id":3103,"date":"2024-08-28T13:30:42","date_gmt":"2024-08-28T11:30:42","guid":{"rendered":"https:\/\/batega.es\/sin-categorizar\/grandes-superficies-estaciones-y-centros-educativos-tendran-que-instalar-desfibriladores-2"},"modified":"2024-10-14T11:40:52","modified_gmt":"2024-10-14T09:40:52","slug":"grandes-superficies-estaciones-y-centros-educativos-tendran-que-instalar-desfibriladores-2","status":"publish","type":"post","link":"https:\/\/batega.es\/es\/nes\/grandes-superficies-estaciones-y-centros-educativos-tendran-que-instalar-desfibriladores-2","title":{"rendered":"Grandes superficies, estaciones y centros educativos tendr\u00e1n que instalar desfibriladores"},"content":{"rendered":"<p><img decoding=\"async\" class=\"image_imported\" src=\"\/wp-content\/uploads\/imagenes_blog\/1554825244desfibrilador.jpg\" \/><\/p>\n<p><em><strong>La DGA ( Gobierno de Arag\u00f3n) ha dado luz verde este martes al nuevo decreto que regula el uso de estos equipos fuera del \u00e1mbito sanitario, una norma que sustituye al decreto de 2006, vigente actualmente.<\/strong><\/em><\/p>\n<p>Fuente: EUROPA PRESS<\/p>\n<p>Las superficies comerciales de m\u00e1s de 2.500 metros cuadrados, las estaciones de trenes y autobuses en poblaciones de m\u00e1s de 25.000 habitantes y centros educativos deber\u00e1n disponer de <strong><a href=\"..\/\">desfibriladores<\/a><\/strong>, seg\u00fan ha acordado este martes el Consejo de Gobierno de Arag\u00f3n, que ha aprobado el nuevo decreto que regula el uso de este dispositivo fuera del \u00e1mbito sanitario.<\/p>\n<p>Los <strong><a href=\"..\/\">desfibriladores automatizados externos (DEA) <\/a><\/strong>tendr\u00e1n que instalarse, asimismo, en aeropuertos, centros de ocio, deportivos y piscinas con un aforo igual o superior a 300 personas; centros de trabajo con m\u00e1s de 250 trabajadores; residencias de m\u00e1s de 200 plazas; hoteles de m\u00e1s de 100 plazas y en una patrulla de las polic\u00edas locales en los municipios que las tengan, ha informado el Gobierno de Arag\u00f3n en una nota de prensa.<\/p>\n<p>Como novedad, hasta ahora s\u00f3lo se consideraban competentes los m\u00e9dicos y enfermeros y el resto de personas solo si recib\u00edan formaci\u00f3n espec\u00edfica para su uso fuera del \u00e1mbito sanitario. Ahora, se incluyen los T\u00e9cnicos en Emergencias Sanitarias, dando cumplimiento as\u00ed al compromiso adquirido con este colectivo.<\/p>\n<p>Respecto al resto de personas no relacionadas con el \u00e1mbito sanitario, el decreto establece que deber\u00e1n estar <a href=\"..\/cms\/1\/181\/formacion-en-reanimacion-cardiopulmonar\">formadas<\/a> a trav\u00e9s de las entidades acreditadas en Arag\u00f3n, que deben seguir un programa espec\u00edfico cuyo temario se detalla tambi\u00e9n en el decreto.<\/p>\n<p>\u00a0<\/p>\n\n\n<p><\/p>\n<!-- JOKINITO -_>","protected":false},"excerpt":{"rendered":"<p>La DGA ( Gobierno de Arag\u00f3n) ha dado luz verde este martes al nuevo decreto que regula el uso de estos equipos [&hellip;]<\/p>\n","protected":false},"author":1,"featured_media":3747,"comment_status":"closed","ping_status":"open","sticky":false,"template":"","format":"standard","meta":{"footnotes":""},"categories":[17],"tags":[],"class_list":["post-3103","post","type-post","status-publish","format-standard","has-post-thumbnail","hentry","category-nes"],"yoast_head":"<!-- This site is optimized with the Yoast SEO plugin v27.5 - https:\/\/yoast.com\/product\/yoast-seo-wordpress\/ -->\n<title>Grandes superficies, estaciones y centros educativos tendr\u00e1n que instalar desfibriladores - Batega<\/title>\n<meta name=\"robots\" content=\"index, follow, max-snippet:-1, max-image-preview:large, max-video-preview:-1\" \/>\n<link rel=\"canonical\" href=\"https:\/\/batega.es\/es\/nes\/grandes-superficies-estaciones-y-centros-educativos-tendran-que-instalar-desfibriladores-2\" \/>\n<meta property=\"og:locale\" content=\"es_ES\" \/>\n<meta property=\"og:type\" content=\"article\" \/>\n<meta property=\"og:title\" content=\"Grandes superficies, estaciones y centros educativos tendr\u00e1n que instalar desfibriladores - Batega\" \/>\n<meta property=\"og:description\" content=\"La DGA ( Gobierno de Arag\u00f3n) ha dado luz verde este martes al nuevo decreto que regula el uso de estos equipos [&hellip;]\" \/>\n<meta property=\"og:url\" content=\"https:\/\/batega.es\/es\/nes\/grandes-superficies-estaciones-y-centros-educativos-tendran-que-instalar-desfibriladores-2\" \/>\n<meta property=\"og:site_name\" content=\"Batega\" \/>\n<meta property=\"article:publisher\" content=\"https:\/\/x.com\/i\/flow\/login?redirect_after_login=bategaelteucor\" \/>\n<meta property=\"article:published_time\" content=\"2024-08-28T11:30:42+00:00\" \/>\n<meta property=\"article:modified_time\" content=\"2024-10-14T09:40:52+00:00\" \/>\n<meta property=\"og:image\" content=\"https:\/\/batega.es\/wp-content\/uploads\/2024\/08\/1554825244desfibrilador.jpg\" \/>\n\t<meta property=\"og:image:width\" content=\"904\" \/>\n\t<meta property=\"og:image:height\" content=\"786\" \/>\n\t<meta property=\"og:image:type\" content=\"image\/jpeg\" \/>\n<meta name=\"author\" content=\"snow\" \/>\n<meta name=\"twitter:card\" content=\"summary_large_image\" \/>\n<meta name=\"twitter:creator\" content=\"@bategaelteucor\" \/>\n<meta name=\"twitter:site\" content=\"@bategaelteucor\" \/>\n<meta name=\"twitter:label1\" content=\"Escrito por\" \/>\n\t<meta name=\"twitter:data1\" content=\"snow\" \/>\n\t<meta name=\"twitter:label2\" content=\"Tiempo de lectura\" \/>\n\t<meta name=\"twitter:data2\" content=\"1 minuto\" \/>\n<script type=\"application\/ld+json\" class=\"yoast-schema-graph\">{\"@context\":\"https:\\\/\\\/schema.org\",\"@graph\":[{\"@type\":\"Article\",\"@id\":\"https:\\\/\\\/batega.es\\\/es\\\/nes\\\/grandes-superficies-estaciones-y-centros-educativos-tendran-que-instalar-desfibriladores-2#article\",\"isPartOf\":{\"@id\":\"https:\\\/\\\/batega.es\\\/es\\\/nes\\\/grandes-superficies-estaciones-y-centros-educativos-tendran-que-instalar-desfibriladores-2\"},\"author\":{\"name\":\"snow\",\"@id\":\"https:\\\/\\\/batega.es\\\/#\\\/schema\\\/person\\\/60b9a0641bdd09f815c7699c24cfe27d\"},\"headline\":\"Grandes superficies, estaciones y centros educativos tendr\u00e1n que instalar desfibriladores\",\"datePublished\":\"2024-08-28T11:30:42+00:00\",\"dateModified\":\"2024-10-14T09:40:52+00:00\",\"mainEntityOfPage\":{\"@id\":\"https:\\\/\\\/batega.es\\\/es\\\/nes\\\/grandes-superficies-estaciones-y-centros-educativos-tendran-que-instalar-desfibriladores-2\"},\"wordCount\":279,\"publisher\":{\"@id\":\"https:\\\/\\\/batega.es\\\/#organization\"},\"image\":{\"@id\":\"https:\\\/\\\/batega.es\\\/es\\\/nes\\\/grandes-superficies-estaciones-y-centros-educativos-tendran-que-instalar-desfibriladores-2#primaryimage\"},\"thumbnailUrl\":\"https:\\\/\\\/batega.es\\\/wp-content\\\/uploads\\\/2024\\\/08\\\/1554825244desfibrilador.jpg\",\"articleSection\":[\"Noticias ES\"],\"inLanguage\":\"es\"},{\"@type\":\"WebPage\",\"@id\":\"https:\\\/\\\/batega.es\\\/es\\\/nes\\\/grandes-superficies-estaciones-y-centros-educativos-tendran-que-instalar-desfibriladores-2\",\"url\":\"https:\\\/\\\/batega.es\\\/es\\\/nes\\\/grandes-superficies-estaciones-y-centros-educativos-tendran-que-instalar-desfibriladores-2\",\"name\":\"Grandes superficies, estaciones y centros educativos tendr\u00e1n que instalar desfibriladores - Batega\",\"isPartOf\":{\"@id\":\"https:\\\/\\\/batega.es\\\/#website\"},\"primaryImageOfPage\":{\"@id\":\"https:\\\/\\\/batega.es\\\/es\\\/nes\\\/grandes-superficies-estaciones-y-centros-educativos-tendran-que-instalar-desfibriladores-2#primaryimage\"},\"image\":{\"@id\":\"https:\\\/\\\/batega.es\\\/es\\\/nes\\\/grandes-superficies-estaciones-y-centros-educativos-tendran-que-instalar-desfibriladores-2#primaryimage\"},\"thumbnailUrl\":\"https:\\\/\\\/batega.es\\\/wp-content\\\/uploads\\\/2024\\\/08\\\/1554825244desfibrilador.jpg\",\"datePublished\":\"2024-08-28T11:30:42+00:00\",\"dateModified\":\"2024-10-14T09:40:52+00:00\",\"breadcrumb\":{\"@id\":\"https:\\\/\\\/batega.es\\\/es\\\/nes\\\/grandes-superficies-estaciones-y-centros-educativos-tendran-que-instalar-desfibriladores-2#breadcrumb\"},\"inLanguage\":\"es\",\"potentialAction\":[{\"@type\":\"ReadAction\",\"target\":[\"https:\\\/\\\/batega.es\\\/es\\\/nes\\\/grandes-superficies-estaciones-y-centros-educativos-tendran-que-instalar-desfibriladores-2\"]}]},{\"@type\":\"ImageObject\",\"inLanguage\":\"es\",\"@id\":\"https:\\\/\\\/batega.es\\\/es\\\/nes\\\/grandes-superficies-estaciones-y-centros-educativos-tendran-que-instalar-desfibriladores-2#primaryimage\",\"url\":\"https:\\\/\\\/batega.es\\\/wp-content\\\/uploads\\\/2024\\\/08\\\/1554825244desfibrilador.jpg\",\"contentUrl\":\"https:\\\/\\\/batega.es\\\/wp-content\\\/uploads\\\/2024\\\/08\\\/1554825244desfibrilador.jpg\",\"width\":904,\"height\":786},{\"@type\":\"BreadcrumbList\",\"@id\":\"https:\\\/\\\/batega.es\\\/es\\\/nes\\\/grandes-superficies-estaciones-y-centros-educativos-tendran-que-instalar-desfibriladores-2#breadcrumb\",\"itemListElement\":[{\"@type\":\"ListItem\",\"position\":1,\"name\":\"Inici\",\"item\":\"https:\\\/\\\/batega.es\\\/\"},{\"@type\":\"ListItem\",\"position\":2,\"name\":\"Grandes superficies, estaciones y centros educativos tendr\u00e1n que instalar desfibriladores\"}]},{\"@type\":\"WebSite\",\"@id\":\"https:\\\/\\\/batega.es\\\/#website\",\"url\":\"https:\\\/\\\/batega.es\\\/\",\"name\":\"Batega\",\"description\":\"\",\"publisher\":{\"@id\":\"https:\\\/\\\/batega.es\\\/#organization\"},\"potentialAction\":[{\"@type\":\"SearchAction\",\"target\":{\"@type\":\"EntryPoint\",\"urlTemplate\":\"https:\\\/\\\/batega.es\\\/?s={search_term_string}\"},\"query-input\":{\"@type\":\"PropertyValueSpecification\",\"valueRequired\":true,\"valueName\":\"search_term_string\"}}],\"inLanguage\":\"es\"},{\"@type\":\"Organization\",\"@id\":\"https:\\\/\\\/batega.es\\\/#organization\",\"name\":\"Batega\",\"url\":\"https:\\\/\\\/batega.es\\\/\",\"logo\":{\"@type\":\"ImageObject\",\"inLanguage\":\"es\",\"@id\":\"https:\\\/\\\/batega.es\\\/#\\\/schema\\\/logo\\\/image\\\/\",\"url\":\"https:\\\/\\\/batega.es\\\/wp-content\\\/uploads\\\/2024\\\/05\\\/header-logo-1.png\",\"contentUrl\":\"https:\\\/\\\/batega.es\\\/wp-content\\\/uploads\\\/2024\\\/05\\\/header-logo-1.png\",\"width\":306,\"height\":145,\"caption\":\"Batega\"},\"image\":{\"@id\":\"https:\\\/\\\/batega.es\\\/#\\\/schema\\\/logo\\\/image\\\/\"},\"sameAs\":[\"https:\\\/\\\/x.com\\\/i\\\/flow\\\/login?redirect_after_login=bategaelteucor\",\"https:\\\/\\\/x.com\\\/bategaelteucor\",\"https:\\\/\\\/www.linkedin.com\\\/company\\\/batega-electromdica-s-l\\\/?originalSubdomain=es\",\"https:\\\/\\\/www.instagram.com\\\/batega_cardioproteccio\\\/\"]},{\"@type\":\"Person\",\"@id\":\"https:\\\/\\\/batega.es\\\/#\\\/schema\\\/person\\\/60b9a0641bdd09f815c7699c24cfe27d\",\"name\":\"snow\",\"image\":{\"@type\":\"ImageObject\",\"inLanguage\":\"es\",\"@id\":\"https:\\\/\\\/secure.gravatar.com\\\/avatar\\\/a27e1434f9b6acc4c2e4ad55d73486d5640f8a24518a49b90a1e6813d5dbe58c?s=96&d=mm&r=g\",\"url\":\"https:\\\/\\\/secure.gravatar.com\\\/avatar\\\/a27e1434f9b6acc4c2e4ad55d73486d5640f8a24518a49b90a1e6813d5dbe58c?s=96&d=mm&r=g\",\"contentUrl\":\"https:\\\/\\\/secure.gravatar.com\\\/avatar\\\/a27e1434f9b6acc4c2e4ad55d73486d5640f8a24518a49b90a1e6813d5dbe58c?s=96&d=mm&r=g\",\"caption\":\"snow\"},\"sameAs\":[\"http:\\\/\\\/batega.es\"]}]}<\/script>\n<!-- \/ Yoast SEO plugin. -->","yoast_head_json":{"title":"Grandes superficies, estaciones y centros educativos tendr\u00e1n que instalar desfibriladores - Batega","robots":{"index":"index","follow":"follow","max-snippet":"max-snippet:-1","max-image-preview":"max-image-preview:large","max-video-preview":"max-video-preview:-1"},"canonical":"https:\/\/batega.es\/es\/nes\/grandes-superficies-estaciones-y-centros-educativos-tendran-que-instalar-desfibriladores-2","og_locale":"es_ES","og_type":"article","og_title":"Grandes superficies, estaciones y centros educativos tendr\u00e1n que instalar desfibriladores - Batega","og_description":"La DGA ( Gobierno de Arag\u00f3n) ha dado luz verde este martes al nuevo decreto que regula el uso de estos equipos [&hellip;]","og_url":"https:\/\/batega.es\/es\/nes\/grandes-superficies-estaciones-y-centros-educativos-tendran-que-instalar-desfibriladores-2","og_site_name":"Batega","article_publisher":"https:\/\/x.com\/i\/flow\/login?redirect_after_login=bategaelteucor","article_published_time":"2024-08-28T11:30:42+00:00","article_modified_time":"2024-10-14T09:40:52+00:00","og_image":[{"width":904,"height":786,"url":"https:\/\/batega.es\/wp-content\/uploads\/2024\/08\/1554825244desfibrilador.jpg","type":"image\/jpeg"}],"author":"snow","twitter_card":"summary_large_image","twitter_creator":"@bategaelteucor","twitter_site":"@bategaelteucor","twitter_misc":{"Escrito por":"snow","Tiempo de lectura":"1 minuto"},"schema":{"@context":"https:\/\/schema.org","@graph":[{"@type":"Article","@id":"https:\/\/batega.es\/es\/nes\/grandes-superficies-estaciones-y-centros-educativos-tendran-que-instalar-desfibriladores-2#article","isPartOf":{"@id":"https:\/\/batega.es\/es\/nes\/grandes-superficies-estaciones-y-centros-educativos-tendran-que-instalar-desfibriladores-2"},"author":{"name":"snow","@id":"https:\/\/batega.es\/#\/schema\/person\/60b9a0641bdd09f815c7699c24cfe27d"},"headline":"Grandes superficies, estaciones y centros educativos tendr\u00e1n que instalar desfibriladores","datePublished":"2024-08-28T11:30:42+00:00","dateModified":"2024-10-14T09:40:52+00:00","mainEntityOfPage":{"@id":"https:\/\/batega.es\/es\/nes\/grandes-superficies-estaciones-y-centros-educativos-tendran-que-instalar-desfibriladores-2"},"wordCount":279,"publisher":{"@id":"https:\/\/batega.es\/#organization"},"image":{"@id":"https:\/\/batega.es\/es\/nes\/grandes-superficies-estaciones-y-centros-educativos-tendran-que-instalar-desfibriladores-2#primaryimage"},"thumbnailUrl":"https:\/\/batega.es\/wp-content\/uploads\/2024\/08\/1554825244desfibrilador.jpg","articleSection":["Noticias ES"],"inLanguage":"es"},{"@type":"WebPage","@id":"https:\/\/batega.es\/es\/nes\/grandes-superficies-estaciones-y-centros-educativos-tendran-que-instalar-desfibriladores-2","url":"https:\/\/batega.es\/es\/nes\/grandes-superficies-estaciones-y-centros-educativos-tendran-que-instalar-desfibriladores-2","name":"Grandes superficies, estaciones y centros educativos tendr\u00e1n que instalar desfibriladores - Batega","isPartOf":{"@id":"https:\/\/batega.es\/#website"},"primaryImageOfPage":{"@id":"https:\/\/batega.es\/es\/nes\/grandes-superficies-estaciones-y-centros-educativos-tendran-que-instalar-desfibriladores-2#primaryimage"},"image":{"@id":"https:\/\/batega.es\/es\/nes\/grandes-superficies-estaciones-y-centros-educativos-tendran-que-instalar-desfibriladores-2#primaryimage"},"thumbnailUrl":"https:\/\/batega.es\/wp-content\/uploads\/2024\/08\/1554825244desfibrilador.jpg","datePublished":"2024-08-28T11:30:42+00:00","dateModified":"2024-10-14T09:40:52+00:00","breadcrumb":{"@id":"https:\/\/batega.es\/es\/nes\/grandes-superficies-estaciones-y-centros-educativos-tendran-que-instalar-desfibriladores-2#breadcrumb"},"inLanguage":"es","potentialAction":[{"@type":"ReadAction","target":["https:\/\/batega.es\/es\/nes\/grandes-superficies-estaciones-y-centros-educativos-tendran-que-instalar-desfibriladores-2"]}]},{"@type":"ImageObject","inLanguage":"es","@id":"https:\/\/batega.es\/es\/nes\/grandes-superficies-estaciones-y-centros-educativos-tendran-que-instalar-desfibriladores-2#primaryimage","url":"https:\/\/batega.es\/wp-content\/uploads\/2024\/08\/1554825244desfibrilador.jpg","contentUrl":"https:\/\/batega.es\/wp-content\/uploads\/2024\/08\/1554825244desfibrilador.jpg","width":904,"height":786},{"@type":"BreadcrumbList","@id":"https:\/\/batega.es\/es\/nes\/grandes-superficies-estaciones-y-centros-educativos-tendran-que-instalar-desfibriladores-2#breadcrumb","itemListElement":[{"@type":"ListItem","position":1,"name":"Inici","item":"https:\/\/batega.es\/"},{"@type":"ListItem","position":2,"name":"Grandes superficies, estaciones y centros educativos tendr\u00e1n que instalar desfibriladores"}]},{"@type":"WebSite","@id":"https:\/\/batega.es\/#website","url":"https:\/\/batega.es\/","name":"Batega","description":"","publisher":{"@id":"https:\/\/batega.es\/#organization"},"potentialAction":[{"@type":"SearchAction","target":{"@type":"EntryPoint","urlTemplate":"https:\/\/batega.es\/?s={search_term_string}"},"query-input":{"@type":"PropertyValueSpecification","valueRequired":true,"valueName":"search_term_string"}}],"inLanguage":"es"},{"@type":"Organization","@id":"https:\/\/batega.es\/#organization","name":"Batega","url":"https:\/\/batega.es\/","logo":{"@type":"ImageObject","inLanguage":"es","@id":"https:\/\/batega.es\/#\/schema\/logo\/image\/","url":"https:\/\/batega.es\/wp-content\/uploads\/2024\/05\/header-logo-1.png","contentUrl":"https:\/\/batega.es\/wp-content\/uploads\/2024\/05\/header-logo-1.png","width":306,"height":145,"caption":"Batega"},"image":{"@id":"https:\/\/batega.es\/#\/schema\/logo\/image\/"},"sameAs":["https:\/\/x.com\/i\/flow\/login?redirect_after_login=bategaelteucor","https:\/\/x.com\/bategaelteucor","https:\/\/www.linkedin.com\/company\/batega-electromdica-s-l\/?originalSubdomain=es","https:\/\/www.instagram.com\/batega_cardioproteccio\/"]},{"@type":"Person","@id":"https:\/\/batega.es\/#\/schema\/person\/60b9a0641bdd09f815c7699c24cfe27d","name":"snow","image":{"@type":"ImageObject","inLanguage":"es","@id":"https:\/\/secure.gravatar.com\/avatar\/a27e1434f9b6acc4c2e4ad55d73486d5640f8a24518a49b90a1e6813d5dbe58c?s=96&d=mm&r=g","url":"https:\/\/secure.gravatar.com\/avatar\/a27e1434f9b6acc4c2e4ad55d73486d5640f8a24518a49b90a1e6813d5dbe58c?s=96&d=mm&r=g","contentUrl":"https:\/\/secure.gravatar.com\/avatar\/a27e1434f9b6acc4c2e4ad55d73486d5640f8a24518a49b90a1e6813d5dbe58c?s=96&d=mm&r=g","caption":"snow"},"sameAs":["http:\/\/batega.es"]}]}},"_links":{"self":[{"href":"https:\/\/batega.es\/es\/wp-json\/wp\/v2\/posts\/3103","targetHints":{"allow":["GET"]}}],"collection":[{"href":"https:\/\/batega.es\/es\/wp-json\/wp\/v2\/posts"}],"about":[{"href":"https:\/\/batega.es\/es\/wp-json\/wp\/v2\/types\/post"}],"author":[{"embeddable":true,"href":"https:\/\/batega.es\/es\/wp-json\/wp\/v2\/users\/1"}],"replies":[{"embeddable":true,"href":"https:\/\/batega.es\/es\/wp-json\/wp\/v2\/comments?post=3103"}],"version-history":[{"count":2,"href":"https:\/\/batega.es\/es\/wp-json\/wp\/v2\/posts\/3103\/revisions"}],"predecessor-version":[{"id":4278,"href":"https:\/\/batega.es\/es\/wp-json\/wp\/v2\/posts\/3103\/revisions\/4278"}],"wp:featuredmedia":[{"embeddable":true,"href":"https:\/\/batega.es\/es\/wp-json\/wp\/v2\/media\/3747"}],"wp:attachment":[{"href":"https:\/\/batega.es\/es\/wp-json\/wp\/v2\/media?parent=3103"}],"wp:term":[{"taxonomy":"category","embeddable":true,"href":"https:\/\/batega.es\/es\/wp-json\/wp\/v2\/categories?post=3103"},{"taxonomy":"post_tag","embeddable":true,"href":"https:\/\/batega.es\/es\/wp-json\/wp\/v2\/tags?post=3103"}],"curies":[{"name":"wp","href":"https:\/\/api.w.org\/{rel}","templated":true}]}}